{"id":3768,"date":"2016-12-03T15:22:33","date_gmt":"2016-12-03T14:22:33","guid":{"rendered":"http:\/\/integra-lahr.de\/wordpress\/?p=3768"},"modified":"2020-03-21T17:50:56","modified_gmt":"2020-03-21T16:50:56","slug":"im-einsatz-fur-die-gute-sache-round-tabler-setzen-tur-und-fenster-bei-integra","status":"publish","type":"post","link":"https:\/\/www.integra-lahr.de\/index.php\/2016\/12\/03\/im-einsatz-fur-die-gute-sache-round-tabler-setzen-tur-und-fenster-bei-integra\/","title":{"rendered":"Im Einsatz f\u00fcr die gute Sache- Round Tabler setzen T\u00fcr und Fenster bei IntegrA"},"content":{"rendered":"<div id=\"pl-3768\"  class=\"panel-layout\"><div id=\"pg-3768-0\"  class=\"panel-grid panel-no-style\"><div id=\"pgc-3768-0-0\"  class=\"panel-grid-cell\"><div id=\"panel-3768-0-0-0\" class=\"so-panel widget widget_black-studio-tinymce widget_black_studio_tinymce panel-first-child panel-last-child\" data-index=\"0\"><div class=\"textwidget\"><p>Der Serviceclub <a href=\"http:\/\/www.facebook.com\/rt136Lahr\">Round Table Lahr<\/a> hat erneut die IntegrA Lahr mit ihrem ehrenamtlichen Engagement unterst\u00fctzt. Durch die handwerkliche Hilfe der Tabler wurden bei einer neuen Garage in Lahr-Kuhbach Fenster und T\u00fcren eingebaut. Die Fenster wurden von der Schreinerei B\u00fchler und B\u00fchler gespendet.<\/p>\n<p>Round Table ist eine Vereinigung junger M\u00e4nner, die sich im Rahmen von \u201eService- Projekten\u201c f\u00fcr Mitmenschen in der Region engagieren. Dabei geht es nicht um Geldspenden, sondern um pers\u00f6nlichen Einsatz und Arbeitskraft.<\/p>\n<p><\/p><\/div><\/div><\/div><\/div><\/div><p><a class=\"more-link\" href=\"https:\/\/www.integra-lahr.de\/index.php\/2016\/12\/03\/im-einsatz-fur-die-gute-sache-round-tabler-setzen-tur-und-fenster-bei-integra\/\">Mehr Lesen...<\/a><\/p>","protected":false},"excerpt":{"rendered":"<p>Der Serviceclub Round Table Lahr hat erneut die IntegrA Lahr mit ihrem ehrenamtlichen Engagement unterst\u00fctzt. Durch die handwerkliche Hilfe der Tabler wurden bei einer neuen Garage in Lahr-Kuhbach Fenster und T\u00fcren eingebaut. Die Fenster wurden von der Schreinerei B\u00fchler und B\u00fchler gespendet. Round Table ist eine Vereinigung junger M\u00e4nner, die sich im Rahmen von \u201eService- &hellip;<\/p>\n","protected":false},"author":1,"featured_media":3769,"comment_status":"closed","ping_status":"closed","sticky":false,"template":"","format":"standard","meta":{"_acf_changed":false,"footnotes":""},"categories":[50,61,59],"tags":[],"class_list":["post-3768","post","type-post","status-publish","format-standard","has-post-thumbnail","hentry","category-gebaude","category-presse","category-spenden"],"acf":[],"_links":{"self":[{"href":"https:\/\/www.integra-lahr.de\/index.php\/wp-json\/wp\/v2\/posts\/3768","targetHints":{"allow":["GET"]}}],"collection":[{"href":"https:\/\/www.integra-lahr.de\/index.php\/wp-json\/wp\/v2\/posts"}],"about":[{"href":"https:\/\/www.integra-lahr.de\/index.php\/wp-json\/wp\/v2\/types\/post"}],"author":[{"embeddable":true,"href":"https:\/\/www.integra-lahr.de\/index.php\/wp-json\/wp\/v2\/users\/1"}],"replies":[{"embeddable":true,"href":"https:\/\/www.integra-lahr.de\/index.php\/wp-json\/wp\/v2\/comments?post=3768"}],"version-history":[{"count":2,"href":"https:\/\/www.integra-lahr.de\/index.php\/wp-json\/wp\/v2\/posts\/3768\/revisions"}],"predecessor-version":[{"id":3924,"href":"https:\/\/www.integra-lahr.de\/index.php\/wp-json\/wp\/v2\/posts\/3768\/revisions\/3924"}],"wp:featuredmedia":[{"embeddable":true,"href":"https:\/\/www.integra-lahr.de\/index.php\/wp-json\/wp\/v2\/media\/3769"}],"wp:attachment":[{"href":"https:\/\/www.integra-lahr.de\/index.php\/wp-json\/wp\/v2\/media?parent=3768"}],"wp:term":[{"taxonomy":"category","embeddable":true,"href":"https:\/\/www.integra-lahr.de\/index.php\/wp-json\/wp\/v2\/categories?post=3768"},{"taxonomy":"post_tag","embeddable":true,"href":"https:\/\/www.integra-lahr.de\/index.php\/wp-json\/wp\/v2\/tags?post=3768"}],"curies":[{"name":"wp","href":"https:\/\/api.w.org\/{rel}","templated":true}]}}